{"id":653,"date":"2022-10-09T12:12:42","date_gmt":"2022-10-09T10:12:42","guid":{"rendered":"https:\/\/citoyens-iroise.bzh\/?p=653"},"modified":"2023-03-07T17:56:42","modified_gmt":"2023-03-07T16:56:42","slug":"energies-en-pays-diroise-episode-1","status":"publish","type":"post","link":"https:\/\/citoyens-iroise.bzh\/?p=653","title":{"rendered":"\u00c9NERGIES EN PAYS D\u2019IROISE &#8211; \u00c9PISODE 1"},"content":{"rendered":"\n<figure class=\"wp-block-image size-large\"><img loading=\"lazy\" width=\"688\" height=\"339\" src=\"https:\/\/citoyens-iroise.bzh\/wp-content\/uploads\/2022\/10\/5138EF85-812D-424E-B363-85D2356638A4.png\" alt=\"\" class=\"wp-image-654\" srcset=\"https:\/\/citoyens-iroise.bzh\/wp-content\/uploads\/2022\/10\/5138EF85-812D-424E-B363-85D2356638A4.png 688w, https:\/\/citoyens-iroise.bzh\/wp-content\/uploads\/2022\/10\/5138EF85-812D-424E-B363-85D2356638A4-300x148.png 300w\" sizes=\"(max-width: 688px) 100vw, 688px\" \/><\/figure>\n\n\n\n<blockquote class=\"wp-block-quote\"><p>ALORS QUE LES PRIX DE L&rsquo;\u00c9NERGIE FLAMBENT, PAYS D&rsquo;IROISE COMMUNAUT\u00c9 CHOISIT DE VENDRE L&rsquo;\u00c9NERGIE QU&rsquo;ELLE PRODUIT POUR LA RACHETER PLUS CHER. <br>EXPLICATION EN 4 \u00c9PISODES.<\/p><\/blockquote>\n\n\n\n<p><img loading=\"lazy\" height=\"16\" width=\"16\" alt=\"\u27a1\ufe0f\" src=\"https:\/\/static.xx.fbcdn.net\/images\/emoji.php\/v9\/t25\/1.5\/16\/27a1.png\"> Vous avez sans doute entendu parler d&rsquo;un parc de production d&rsquo;\u00e9nergie solaire \u00e0 Plourin. Il appartient (en partie) \u00e0 la CCPI et \u00e0 la commune de Plourin. Il fonctionne depuis le 15 juin 2022 et produira sur l\u2019ann\u00e9e plus d&rsquo;\u00e9nergie \u00e9lectrique que ce dont Plourin a besoin. Pourtant, la ville de Plourin verra quand m\u00eame sa facture d&rsquo;\u00e9lectricit\u00e9 grimper de 282 % cet hiver. On vous explique pourquoi.<\/p>\n\n\n\n<p> <img loading=\"lazy\" height=\"16\" width=\"16\" alt=\"\u27a1\ufe0f\" src=\"https:\/\/static.xx.fbcdn.net\/images\/emoji.php\/v9\/t25\/1.5\/16\/27a1.png\"> L&rsquo;\u00e9nergie produite par le parc sera inject\u00e9e dans le r\u00e9seau Enedis et vendue \u00e0 un op\u00e9rateur dont on ne conna\u00eet pas le nom. Lorsqu&rsquo;on injecte de l&rsquo;\u00e9nergie dans un r\u00e9seau, il faut payer pour l&rsquo;injecter. C&rsquo;est donc seulement une partie des b\u00e9n\u00e9fices qui reviendra aux propri\u00e9taires du parc, dont Pays d&rsquo;Iroise Communaut\u00e9 et la commune de Plourin.<\/p>\n\n\n\n<p> <img loading=\"lazy\" height=\"16\" width=\"16\" alt=\"\u27a1\ufe0f\" src=\"https:\/\/static.xx.fbcdn.net\/images\/emoji.php\/v9\/t25\/1.5\/16\/27a1.png\"> En parall\u00e8le, Plourin devra racheter au prix fort la totalit\u00e9 de l\u2019\u00e9lectricit\u00e9 qu&rsquo;elle consomme, puisque toute l\u2019\u00e9nergie produite sera vendue, selon le mod\u00e8le de l&rsquo;injection\/rachat qui a \u00e9t\u00e9 choisi par le Syndicat D\u00e9partemental d\u2019Energie et d\u2019Equipement du Finist\u00e8re (SDEF), suivi aveugl\u00e9ment par la communaut\u00e9 de communes du Pays d&rsquo;Iroise et le conseil municipal de Plourin.<br><\/p>\n\n\n\n<blockquote class=\"wp-block-quote\"><p><img loading=\"lazy\" height=\"16\" width=\"16\" alt=\"\u27a1\ufe0f\" src=\"https:\/\/static.xx.fbcdn.net\/images\/emoji.php\/v9\/t25\/1.5\/16\/27a1.png\"> \u00c0 l&rsquo;heure actuelle, malgr\u00e9 les nombreuses questions pos\u00e9es au conseil communautaire par des \u00e9lus du collectif Citoyens d&rsquo;Iroise, nous ne connaissons : <\/p><p>&#8211; ni le nom de l&rsquo;op\u00e9rateur \u00e0 qui on va vendre le courant, <\/p><p>&#8211; ni le prix auquel on va le vendre. <br><\/p><p>On produit de l&rsquo;\u00e9nergie \u00e9lectrique, on l&rsquo;injecte enti\u00e8rement dans le r\u00e9seau, et on ne sait absolument pas ce que \u00e7a va rapporter\u2026 alors qu&rsquo;on est en partie propri\u00e9taires du parc !<\/p><\/blockquote>\n\n\n\n<p><img loading=\"lazy\" height=\"16\" width=\"16\" alt=\"\u27a1\ufe0f\" src=\"https:\/\/static.xx.fbcdn.net\/images\/emoji.php\/v9\/t25\/1.5\/16\/27a1.png\"> Il aurait pourtant \u00e9t\u00e9 possible de s&rsquo;y prendre autrement et de choisir un mod\u00e8le d&rsquo;auto-consommation collective, permettant \u00e0 Plourin, ses habitants et ses entreprises de b\u00e9n\u00e9ficier d&rsquo;un co\u00fbt de l&rsquo;\u00e9nergie \u00e9lectrique bloqu\u00e9 pendant 25 ans !<\/p>\n\n\n\n<p> <img loading=\"lazy\" height=\"16\" width=\"16\" alt=\"\u27a1\ufe0f\" src=\"https:\/\/static.xx.fbcdn.net\/images\/emoji.php\/v9\/t25\/1.5\/16\/27a1.png\"> Il suffisait par exemple de constituer une \u00ab communaut\u00e9 \u00e9nerg\u00e9tique \u00bb entre la CCPI, la ville de Plourin, ses habitants et ses entreprises, qui auraient financ\u00e9 ensemble le parc photovolta\u00efque pour produire leur propre \u00e9nergie et ainsi disposer d&rsquo;un tarif d\u00e9fini sur 25 ans (le co\u00fbt du parc et de son exploitation, r\u00e9parti sur la dur\u00e9e de vie du parc) et se mettre \u00e0 l&rsquo;abri de la hausse in\u00e9luctable et pr\u00e9vue de l&rsquo;\u00e9nergie.<\/p>\n\n\n\n<p> <img loading=\"lazy\" height=\"16\" width=\"16\" alt=\"\u27a1\ufe0f\" src=\"https:\/\/static.xx.fbcdn.net\/images\/emoji.php\/v9\/t25\/1.5\/16\/27a1.png\"> Il existe d\u00e9j\u00e0 des projets citoyens d\u2019\u00e9olien, pourtant beaucoup plus co\u00fbteux et compliqu\u00e9s, et des communaut\u00e9s d&rsquo;\u00e9nergie pour de l&rsquo;autoconsommation collective.<\/p>\n\n\n\n<p> <img loading=\"lazy\" height=\"16\" width=\"16\" alt=\"\u27a1\ufe0f\" src=\"https:\/\/static.xx.fbcdn.net\/images\/emoji.php\/v9\/t25\/1.5\/16\/27a1.png\"> Ainsi, les \u00abcommunaut\u00e9s \u00e9nerg\u00e9tiques citoyennes\u00bb ont \u00e9t\u00e9 cr\u00e9\u00e9es par des directives europ\u00e9ennes, transpos\u00e9es dans la loi fran\u00e7aise (code de l\u2019\u00e9nergie, article L.292-1)<a rel=\"noreferrer noopener\" href=\"https:\/\/l.facebook.com\/l.php?u=https%3A%2F%2Fwww.legifrance.gouv.fr%2Fcodes%2Farticle_lc%2FLEGIARTI000043212512%2F%3Ffbclid%3DIwAR2pzfQiQHH57AuY31UyThe1z7wadZ2aHN8tiHUPNY9Y2QuJtgaXlqW1TBo&amp;h=AT2dNITed5rzuU8QbS-BLuQJRyK1gS8mT8L-v4RjxHTl_rIg0VkdlPXNKbrmVRvdvQB5_06P64D0pM8dOdADvB5oSas3IxurOQ0gqa1Q5aCy1iaD3uQJIYK3FdjyGqLT8-pGWFZAHK5vC8E37xJ9zTxCUQ&amp;__tn__=-UK-R&amp;c[0]=AT3Zz5VxQzBXgKowEXcAirk8mwsFu82hsfAVtVkfvlXdrMeFtTbKOJgoDVs-Aa61VHkOwelb3YVq_6kOOVjdUQtvwwGo1M_EHaev5RwJOys1NUDCD_g5eov6jAUB0vOW8OBsjz0ODTPcN0dd9uknV3eK2dm6YzVy7CAof3QeGJDwvJXJuNgcCxqD19VpOD7cs4piePteurkL\" target=\"_blank\">https:\/\/www.legifrance.gouv.fr\/&#8230;\/LEGIARTI000043212512\/<\/a><\/p>\n\n\n\n<p><img loading=\"lazy\" height=\"16\" width=\"16\" alt=\"\u27a1\ufe0f\" src=\"https:\/\/static.xx.fbcdn.net\/images\/emoji.php\/v9\/t25\/1.5\/16\/27a1.png\"> Il existe des communaut\u00e9s d&rsquo;\u00e9nergie partag\u00e9e depuis 2010 en Alsace. <a rel=\"noreferrer noopener\" href=\"https:\/\/l.facebook.com\/l.php?u=https%3A%2F%2Fflip.it%2F0DS5GX%3Ffbclid%3DIwAR08qDfdu6QF6j1_rtEaawPWJtMpoPguD6zp0c-GRk-gtpePmQosj4QOM4A&amp;h=AT257eCSmrXoZfwaV-xgUM-eZ7ZS5O937y6SPSuaDgO0SQg3UHflHUzCdClB8NL7M8fkUMmGk67IpN4dr2NaGWambHwIrzoeJQjni3sKZrGNPTQchho4EHAiASv-2qJs62XFNsO0p1FuDsXie7DLbX-rlA&amp;__tn__=-UK-R&amp;c[0]=AT3Zz5VxQzBXgKowEXcAirk8mwsFu82hsfAVtVkfvlXdrMeFtTbKOJgoDVs-Aa61VHkOwelb3YVq_6kOOVjdUQtvwwGo1M_EHaev5RwJOys1NUDCD_g5eov6jAUB0vOW8OBsjz0ODTPcN0dd9uknV3eK2dm6YzVy7CAof3QeGJDwvJXJuNgcCxqD19VpOD7cs4piePteurkL\" target=\"_blank\">https:\/\/flip.it\/0DS5GX<\/a><\/p>\n\n\n\n<p><img loading=\"lazy\" height=\"16\" width=\"16\" alt=\"\u27a1\ufe0f\" src=\"https:\/\/static.xx.fbcdn.net\/images\/emoji.php\/v9\/t25\/1.5\/16\/27a1.png\"> Au lieu de choisir ce type de solution, la communaut\u00e9 de communes du Pays d&rsquo;Iroise et la commune de Plourin, pouss\u00e9es par le SDEF, ont choisi un mod\u00e8le financier opaque qui rapportera certainement beaucoup \u00e0 quelqu&rsquo;un mais tr\u00e8s peu aux collectivit\u00e9s qui engagent des fonds (communaut\u00e9 de communes et commune de Plourin),et qui mettent \u00e0 disposition leur foncier public (Plourin). <br><\/p>\n\n\n\n<p>Mais pourquoi ?<\/p>\n\n\n\n<p>Au prochain \u00e9pisode, nous vous expliquons le montage financier et juridique de cette production d&rsquo;\u00e9nergie.<\/p>\n","protected":false},"excerpt":{"rendered":"<p>ALORS QUE LES PRIX DE L&rsquo;\u00c9NERGIE FLAMBENT, PAYS D&rsquo;IROISE COMMUNAUT\u00c9 CHOISIT DE VENDRE L&rsquo;\u00c9NERGIE QU&rsquo;ELLE PRODUIT POUR LA RACHETER PLUS CHER. EXPLICATION EN 4 \u00c9PISODES. Vous avez sans doute entendu parler d&rsquo;un parc de&#46;&#46;&#46;<\/p>\n","protected":false},"author":3,"featured_media":654,"comment_status":"open","ping_status":"open","sticky":false,"template":"","format":"standard","meta":[],"categories":[16,3,4],"tags":[],"_links":{"self":[{"href":"https:\/\/citoyens-iroise.bzh\/index.php?rest_route=\/wp\/v2\/posts\/653"}],"collection":[{"href":"https:\/\/citoyens-iroise.bzh\/index.php?rest_route=\/wp\/v2\/posts"}],"about":[{"href":"https:\/\/citoyens-iroise.bzh\/index.php?rest_route=\/wp\/v2\/types\/post"}],"author":[{"embeddable":true,"href":"https:\/\/citoyens-iroise.bzh\/index.php?rest_route=\/wp\/v2\/users\/3"}],"replies":[{"embeddable":true,"href":"https:\/\/citoyens-iroise.bzh\/index.php?rest_route=%2Fwp%2Fv2%2Fcomments&post=653"}],"version-history":[{"count":3,"href":"https:\/\/citoyens-iroise.bzh\/index.php?rest_route=\/wp\/v2\/posts\/653\/revisions"}],"predecessor-version":[{"id":657,"href":"https:\/\/citoyens-iroise.bzh\/index.php?rest_route=\/wp\/v2\/posts\/653\/revisions\/657"}],"wp:featuredmedia":[{"embeddable":true,"href":"https:\/\/citoyens-iroise.bzh\/index.php?rest_route=\/wp\/v2\/media\/654"}],"wp:attachment":[{"href":"https:\/\/citoyens-iroise.bzh\/index.php?rest_route=%2Fwp%2Fv2%2Fmedia&parent=653"}],"wp:term":[{"taxonomy":"category","embeddable":true,"href":"https:\/\/citoyens-iroise.bzh\/index.php?rest_route=%2Fwp%2Fv2%2Fcategories&post=653"},{"taxonomy":"post_tag","embeddable":true,"href":"https:\/\/citoyens-iroise.bzh\/index.php?rest_route=%2Fwp%2Fv2%2Ftags&post=653"}],"curies":[{"name":"wp","href":"https:\/\/api.w.org\/{rel}","templated":true}]}}