{"id":541,"date":"2022-07-17T15:45:11","date_gmt":"2022-07-17T13:45:11","guid":{"rendered":"https:\/\/citoyens-iroise.bzh\/?p=541"},"modified":"2023-03-07T18:14:41","modified_gmt":"2023-03-07T17:14:41","slug":"baignades-en-eaux-troubles-une-saison-en-pays-diroise-episode-3","status":"publish","type":"post","link":"https:\/\/citoyens-iroise.bzh\/?p=541","title":{"rendered":"Baignades en eaux troubles, une saison en Pays d\u2019Iroise &#8211; Episode 3"},"content":{"rendered":"\n<figure class=\"wp-block-image size-large\"><img loading=\"lazy\" width=\"1024\" height=\"828\" src=\"https:\/\/citoyens-iroise.bzh\/wp-content\/uploads\/2022\/07\/Fig-3-Cours-deau-pollues-toute-lannee-1024x828.jpg\" alt=\"\" class=\"wp-image-550\" srcset=\"https:\/\/citoyens-iroise.bzh\/wp-content\/uploads\/2022\/07\/Fig-3-Cours-deau-pollues-toute-lannee-1024x828.jpg 1024w, https:\/\/citoyens-iroise.bzh\/wp-content\/uploads\/2022\/07\/Fig-3-Cours-deau-pollues-toute-lannee-300x243.jpg 300w, https:\/\/citoyens-iroise.bzh\/wp-content\/uploads\/2022\/07\/Fig-3-Cours-deau-pollues-toute-lannee-768x621.jpg 768w, https:\/\/citoyens-iroise.bzh\/wp-content\/uploads\/2022\/07\/Fig-3-Cours-deau-pollues-toute-lannee.jpg 1070w\" sizes=\"(max-width: 1024px) 100vw, 1024px\" \/><\/figure>\n\n\n\n<blockquote class=\"wp-block-quote\"><p><strong>R\u00e9sum\u00e9 des \u00e9pisodes pr\u00e9c\u00e9dents :<\/strong> <em>certaines plages d\u2019Iroise sont ferm\u00e9es pr\u00e9ventivement avant chaque \u00e9pisode de pluies importantes, dans la plus grande discr\u00e9tion. Apr\u00e8s avoir d\u2019abord accus\u00e9 la pluie, puis successivement les assainissements collectifs puis individuels, les chiens, les chevaux, les vaches en divagation et enfin les oiseaux de mer, nos \u00e9lus majoritaires continuent de s\u2019interroger\u2026<\/em><\/p><\/blockquote>\n\n\n\n<p><strong>Episode 3 &#8211; les pollutions sont bien r\u00e9elles, massives, et elles proviennent des bassins versants.<\/strong><\/p>\n\n\n\n<p><strong>\u21e8 <\/strong>Les analyses sont formelles, <strong>les pollutions sont bien r\u00e9elles d\u00e8s qu\u2019il pleut beaucoup<\/strong>, et les concentrations tr\u00e8s \u00e9lev\u00e9es en Escherichia coli et en ent\u00e9rocoques f\u00e9caux, indicateurs de r\u00e9f\u00e9rence, montrent que ces eaux ont \u00e9t\u00e9 effectivement pollu\u00e9es par des <strong>apports massifs de micro-organismes.<\/strong><\/p>\n\n\n\n<p><strong>Et les \u00e9tudes sont formelles aussi : ces bact\u00e9ries viennent des bassins versants<\/strong>. C\u2019\u00e9tait d\u00e9j\u00e0 \u00e9vident m\u00eame pour les non-sp\u00e9cialistes : lorsqu\u2019il pleut, les bassins versant sont lessiv\u00e9s, et ce qu\u2019on y trouve (terre, bact\u00e9ries, nitrates\u2026) se retrouve dans les cours d\u2019eau. Et justement, les seules plages pollu\u00e9es syst\u00e9matiquement sont <strong>toutes situ\u00e9es \u00e0 l\u2019exutoire de cours d\u2019eau&#8230;<\/strong><\/p>\n\n\n\n<p><strong>\u21e8 <\/strong>Pour ceux qui auraient encore des doutes \u00e0 ce sujet, les analyses r\u00e9alis\u00e9es par le SAGE du Bas-L\u00e9on entre 2017 et 2021 et exploit\u00e9es enfin en 2021 par Eau et Rivi\u00e8res de Bretagne ont confirm\u00e9 que <strong>tous les<\/strong> <strong>cours d\u2019eau \u00e9tudi\u00e9s \u00e9taient<\/strong> <strong>massivement pollu\u00e9s toute l\u2019ann\u00e9e<\/strong>, et encore plus <strong>lors des \u00e9pisodes pluvieux : ce sont bien les cours d\u2019eau qui apportent ces bact\u00e9ries<\/strong> (voir carte Fig. 3).<\/p>\n\n\n\n<p><strong>\u21e8 <\/strong><strong>Massivement, c&rsquo;est-\u00e0-dire bien au-dessus des normes de qualit\u00e9<\/strong>, et potentiellement dangereuses pour la sant\u00e9 quel qu\u2019en soit l\u2019usage : il vaut mieux \u00e9viter d\u2019y faire boire son chien, ou m\u00eame de s\u2019en servir pour arroser son jardin.<\/p>\n\n\n\n<p><strong>\u21e8 <\/strong>Prochain \u00e9pisode : et si nos \u00e9lus avaient n\u00e9glig\u00e9 une piste, celle des \u00e9levages intensifs ?<\/p>\n","protected":false},"excerpt":{"rendered":"<p>R\u00e9sum\u00e9 des \u00e9pisodes pr\u00e9c\u00e9dents : certaines plages d\u2019Iroise sont ferm\u00e9es pr\u00e9ventivement avant chaque \u00e9pisode de pluies importantes, dans la plus grande discr\u00e9tion. Apr\u00e8s avoir d\u2019abord accus\u00e9 la pluie, puis successivement les assainissements collectifs puis&#46;&#46;&#46;<\/p>\n","protected":false},"author":3,"featured_media":550,"comment_status":"open","ping_status":"open","sticky":false,"template":"","format":"standard","meta":[],"categories":[4,9,21],"tags":[],"_links":{"self":[{"href":"https:\/\/citoyens-iroise.bzh\/index.php?rest_route=\/wp\/v2\/posts\/541"}],"collection":[{"href":"https:\/\/citoyens-iroise.bzh\/index.php?rest_route=\/wp\/v2\/posts"}],"about":[{"href":"https:\/\/citoyens-iroise.bzh\/index.php?rest_route=\/wp\/v2\/types\/post"}],"author":[{"embeddable":true,"href":"https:\/\/citoyens-iroise.bzh\/index.php?rest_route=\/wp\/v2\/users\/3"}],"replies":[{"embeddable":true,"href":"https:\/\/citoyens-iroise.bzh\/index.php?rest_route=%2Fwp%2Fv2%2Fcomments&post=541"}],"version-history":[{"count":1,"href":"https:\/\/citoyens-iroise.bzh\/index.php?rest_route=\/wp\/v2\/posts\/541\/revisions"}],"predecessor-version":[{"id":551,"href":"https:\/\/citoyens-iroise.bzh\/index.php?rest_route=\/wp\/v2\/posts\/541\/revisions\/551"}],"wp:featuredmedia":[{"embeddable":true,"href":"https:\/\/citoyens-iroise.bzh\/index.php?rest_route=\/wp\/v2\/media\/550"}],"wp:attachment":[{"href":"https:\/\/citoyens-iroise.bzh\/index.php?rest_route=%2Fwp%2Fv2%2Fmedia&parent=541"}],"wp:term":[{"taxonomy":"category","embeddable":true,"href":"https:\/\/citoyens-iroise.bzh\/index.php?rest_route=%2Fwp%2Fv2%2Fcategories&post=541"},{"taxonomy":"post_tag","embeddable":true,"href":"https:\/\/citoyens-iroise.bzh\/index.php?rest_route=%2Fwp%2Fv2%2Ftags&post=541"}],"curies":[{"name":"wp","href":"https:\/\/api.w.org\/{rel}","templated":true}]}}