{"id":416,"date":"2022-03-30T12:07:25","date_gmt":"2022-03-30T10:07:25","guid":{"rendered":"https:\/\/citoyens-iroise.bzh\/?p=416"},"modified":"2023-03-07T18:25:38","modified_gmt":"2023-03-07T17:25:38","slug":"reunion-publique-elevage-industriel-avel-vor-a-landunvez-enquete-publique","status":"publish","type":"post","link":"https:\/\/citoyens-iroise.bzh\/?p=416","title":{"rendered":"R\u00e9union publique : \u00e9levage industriel Avel Vor \u00e0 Landunvez (enqu\u00eate publique)"},"content":{"rendered":"\n<p>APPCL vous convie \u00e0 une&nbsp;<strong>r\u00e9union de pr\u00e9sentation et de d\u00e9bat<\/strong>&nbsp;le&nbsp;<strong>vendredi 1er avril \u00e0 18h salle du Triskell \u00e0 Landunvez<\/strong>. La discussion tournera autour de l\u2019enqu\u00eate publique en cours concernant la m\u00e9ga porcherie industrielle Avel Vor de Landunvez ( 26 000 porcs produits par an, 60 tonnes de lisier par jour\u2026).<\/p>\n\n\n\n<div class=\"wp-block-image\"><figure class=\"aligncenter size-large\"><img loading=\"lazy\" width=\"1024\" height=\"630\" src=\"https:\/\/citoyens-iroise.bzh\/wp-content\/uploads\/2022\/03\/64A4B122-6EDA-4294-BD73-F0C11B612DE2-1024x630.jpeg\" alt=\"\" class=\"wp-image-417\" srcset=\"https:\/\/citoyens-iroise.bzh\/wp-content\/uploads\/2022\/03\/64A4B122-6EDA-4294-BD73-F0C11B612DE2-1024x630.jpeg 1024w, https:\/\/citoyens-iroise.bzh\/wp-content\/uploads\/2022\/03\/64A4B122-6EDA-4294-BD73-F0C11B612DE2-300x185.jpeg 300w, https:\/\/citoyens-iroise.bzh\/wp-content\/uploads\/2022\/03\/64A4B122-6EDA-4294-BD73-F0C11B612DE2-768x472.jpeg 768w, https:\/\/citoyens-iroise.bzh\/wp-content\/uploads\/2022\/03\/64A4B122-6EDA-4294-BD73-F0C11B612DE2.jpeg 1138w\" sizes=\"(max-width: 1024px) 100vw, 1024px\" \/><figcaption>Plus d\u2019infos sur le site de l\u2019APPCL : Plus d\u2019infos sur le site de l\u2019APPCL : www.appcl.infini.fr<\/figcaption><\/figure><\/div>\n\n\n\n<p><\/p>\n\n\n\n<p><\/p>\n","protected":false},"excerpt":{"rendered":"<p>APPCL vous convie \u00e0 une&nbsp;r\u00e9union de pr\u00e9sentation et de d\u00e9bat&nbsp;le&nbsp;vendredi 1er avril \u00e0 18h salle du Triskell \u00e0 Landunvez. La discussion tournera autour de l\u2019enqu\u00eate publique en cours concernant la m\u00e9ga porcherie industrielle Avel&#46;&#46;&#46;<\/p>\n","protected":false},"author":3,"featured_media":417,"comment_status":"open","ping_status":"open","sticky":false,"template":"","format":"standard","meta":[],"categories":[5,4,7],"tags":[],"_links":{"self":[{"href":"https:\/\/citoyens-iroise.bzh\/index.php?rest_route=\/wp\/v2\/posts\/416"}],"collection":[{"href":"https:\/\/citoyens-iroise.bzh\/index.php?rest_route=\/wp\/v2\/posts"}],"about":[{"href":"https:\/\/citoyens-iroise.bzh\/index.php?rest_route=\/wp\/v2\/types\/post"}],"author":[{"embeddable":true,"href":"https:\/\/citoyens-iroise.bzh\/index.php?rest_route=\/wp\/v2\/users\/3"}],"replies":[{"embeddable":true,"href":"https:\/\/citoyens-iroise.bzh\/index.php?rest_route=%2Fwp%2Fv2%2Fcomments&post=416"}],"version-history":[{"count":5,"href":"https:\/\/citoyens-iroise.bzh\/index.php?rest_route=\/wp\/v2\/posts\/416\/revisions"}],"predecessor-version":[{"id":458,"href":"https:\/\/citoyens-iroise.bzh\/index.php?rest_route=\/wp\/v2\/posts\/416\/revisions\/458"}],"wp:featuredmedia":[{"embeddable":true,"href":"https:\/\/citoyens-iroise.bzh\/index.php?rest_route=\/wp\/v2\/media\/417"}],"wp:attachment":[{"href":"https:\/\/citoyens-iroise.bzh\/index.php?rest_route=%2Fwp%2Fv2%2Fmedia&parent=416"}],"wp:term":[{"taxonomy":"category","embeddable":true,"href":"https:\/\/citoyens-iroise.bzh\/index.php?rest_route=%2Fwp%2Fv2%2Fcategories&post=416"},{"taxonomy":"post_tag","embeddable":true,"href":"https:\/\/citoyens-iroise.bzh\/index.php?rest_route=%2Fwp%2Fv2%2Ftags&post=416"}],"curies":[{"name":"wp","href":"https:\/\/api.w.org\/{rel}","templated":true}]}}